{"id":6979,"date":"2023-11-23T12:30:07","date_gmt":"2023-11-23T11:30:07","guid":{"rendered":"https:\/\/www.apanona.com\/?p=6979"},"modified":"2024-02-14T13:13:37","modified_gmt":"2024-02-14T12:13:37","slug":"els-calendaris-apanona","status":"publish","type":"post","link":"https:\/\/www.apanona.com\/es\/els-calendaris-apanona\/","title":{"rendered":"Els calendaris Apanona"},"content":{"rendered":"<p>Si em coneixeu des de fa temps, potser recordareu que no \u00e9s la primera vegada que faig calendaris. <\/p><p><strong>Calendars are my thing <\/strong>\ud83d\ude00 a mi m&#8217;agraden mooolt, sobretot els de paret que podem penjar a la cuina i anar apuntant aquelles dates i coses importants a recordar. <\/p><p>A casa n&#8217;hem tingut de tot tipus, per\u00f2 han predominat els d&#8217;il\u00b7lustradores: De Roser Capdevila i les Tres Bessones, de la Violeta Denou i el Teo sobretot quan les nenes eren petites; d&#8217;aquells amb mil adhesius i molt d&#8217;espai per escriure. I m\u00e9s recentment el 2021 un calendari preci\u00f3s de la <a href=\"http:\/\/www.carmensaldana.es\" target=\"_blank\" rel=\"noopener\">Carmen Salda\u00f1a<\/a> que m&#8217;ha acabat servint d&#8217;inspiraci\u00f3.<\/p><p>No s\u00e9 si us en recordareu, per\u00f2 vaig fer tres Calendaris Apanona: al 2014, 2015 i 2017, els repassem? Ai quants records!  <\/p><p><strong>Let&#8217;s Party all year long!<em> <\/em><\/strong>\u00e9s el nom que li vaig posar al primer calendari que vaig fer per al 2014. Va ser el primer any d&#8217;Apanona com a projecte professional a temps complet i la veritat \u00e9s que va tenir molt bona acollida. Ara miro amb tendresa aquests primers dibuixos en vectorial de fa 10 anys, aix&#8230; Cada mes es podia veure a la parella de protagonistes fent una o altra cosa: anant en moto, disfressats de \u00abBreakfast at Tiffany&#8217;s\u00bb o jugant a tennis. <\/p><div style=\"height:40px\" aria-hidden=\"true\" class=\"wp-block-spacer\"><\/div><figure class=\"wp-block-gallery has-nested-images columns-default is-cropped wp-block-gallery-1 is-layout-flex wp-block-gallery-is-layout-flex\"><figure class=\"wp-block-image size-large\"><img loading=\"lazy\" decoding=\"async\" width=\"1024\" height=\"681\" data-id=\"6987\" src=\"https:\/\/www.apanona.com\/wp-content\/uploads\/2023\/11\/Davant-1024x681.jpg\" alt=\"\" class=\"wp-image-6987\" title=\"\" srcset=\"https:\/\/www.apanona.com\/wp-content\/uploads\/2023\/11\/Davant-1024x681.jpg 1024w, https:\/\/www.apanona.com\/wp-content\/uploads\/2023\/11\/Davant-300x200.jpg 300w, https:\/\/www.apanona.com\/wp-content\/uploads\/2023\/11\/Davant-768x511.jpg 768w, https:\/\/www.apanona.com\/wp-content\/uploads\/2023\/11\/Davant-1536x1022.jpg 1536w\" sizes=\"auto, (max-width: 1024px) 100vw, 1024px\" \/><\/figure>\n\n<figure class=\"wp-block-image size-large is-style-default\"><img loading=\"lazy\" decoding=\"async\" width=\"794\" height=\"1024\" data-id=\"6988\" src=\"https:\/\/www.apanona.com\/wp-content\/uploads\/2023\/11\/abril-794x1024.jpg\" alt=\"\" class=\"wp-image-6988\" title=\"\" srcset=\"https:\/\/www.apanona.com\/wp-content\/uploads\/2023\/11\/abril-794x1024.jpg 794w, https:\/\/www.apanona.com\/wp-content\/uploads\/2023\/11\/abril-233x300.jpg 233w, https:\/\/www.apanona.com\/wp-content\/uploads\/2023\/11\/abril-768x990.jpg 768w, https:\/\/www.apanona.com\/wp-content\/uploads\/2023\/11\/abril-1191x1536.jpg 1191w, https:\/\/www.apanona.com\/wp-content\/uploads\/2023\/11\/abril-1588x2048.jpg 1588w\" sizes=\"auto, (max-width: 794px) 100vw, 794px\" \/><\/figure>\n\n<figure class=\"wp-block-image size-large\"><img loading=\"lazy\" decoding=\"async\" width=\"794\" height=\"1024\" data-id=\"6985\" src=\"https:\/\/www.apanona.com\/wp-content\/uploads\/2023\/11\/agost-794x1024.jpg\" alt=\"\" class=\"wp-image-6985\" title=\"\" srcset=\"https:\/\/www.apanona.com\/wp-content\/uploads\/2023\/11\/agost-794x1024.jpg 794w, https:\/\/www.apanona.com\/wp-content\/uploads\/2023\/11\/agost-233x300.jpg 233w, https:\/\/www.apanona.com\/wp-content\/uploads\/2023\/11\/agost-768x990.jpg 768w, https:\/\/www.apanona.com\/wp-content\/uploads\/2023\/11\/agost-1191x1536.jpg 1191w, https:\/\/www.apanona.com\/wp-content\/uploads\/2023\/11\/agost-1588x2048.jpg 1588w\" sizes=\"auto, (max-width: 794px) 100vw, 794px\" \/><\/figure>\n\n<figure class=\"wp-block-image size-large\"><img loading=\"lazy\" decoding=\"async\" width=\"794\" height=\"1024\" data-id=\"6983\" src=\"https:\/\/www.apanona.com\/wp-content\/uploads\/2023\/11\/setembre-794x1024.jpg\" alt=\"\" class=\"wp-image-6983\" title=\"\" srcset=\"https:\/\/www.apanona.com\/wp-content\/uploads\/2023\/11\/setembre-794x1024.jpg 794w, https:\/\/www.apanona.com\/wp-content\/uploads\/2023\/11\/setembre-233x300.jpg 233w, https:\/\/www.apanona.com\/wp-content\/uploads\/2023\/11\/setembre-768x990.jpg 768w, https:\/\/www.apanona.com\/wp-content\/uploads\/2023\/11\/setembre-1191x1536.jpg 1191w, https:\/\/www.apanona.com\/wp-content\/uploads\/2023\/11\/setembre-1588x2048.jpg 1588w\" sizes=\"auto, (max-width: 794px) 100vw, 794px\" \/><\/figure>\n\n<figure class=\"wp-block-image size-large\"><img loading=\"lazy\" decoding=\"async\" width=\"794\" height=\"1024\" data-id=\"6984\" src=\"https:\/\/www.apanona.com\/wp-content\/uploads\/2023\/11\/desitjos-794x1024.jpg\" alt=\"\" class=\"wp-image-6984\" title=\"\" srcset=\"https:\/\/www.apanona.com\/wp-content\/uploads\/2023\/11\/desitjos-794x1024.jpg 794w, https:\/\/www.apanona.com\/wp-content\/uploads\/2023\/11\/desitjos-233x300.jpg 233w, https:\/\/www.apanona.com\/wp-content\/uploads\/2023\/11\/desitjos-768x990.jpg 768w, https:\/\/www.apanona.com\/wp-content\/uploads\/2023\/11\/desitjos-1191x1536.jpg 1191w, https:\/\/www.apanona.com\/wp-content\/uploads\/2023\/11\/desitjos-1588x2048.jpg 1588w\" sizes=\"auto, (max-width: 794px) 100vw, 794px\" \/><\/figure>\n\n<figure class=\"wp-block-image size-large\"><img loading=\"lazy\" decoding=\"async\" width=\"1024\" height=\"681\" data-id=\"6986\" src=\"https:\/\/www.apanona.com\/wp-content\/uploads\/2023\/11\/Darrera-1024x681.jpg\" alt=\"\" class=\"wp-image-6986\" title=\"\" srcset=\"https:\/\/www.apanona.com\/wp-content\/uploads\/2023\/11\/Darrera-1024x681.jpg 1024w, https:\/\/www.apanona.com\/wp-content\/uploads\/2023\/11\/Darrera-300x200.jpg 300w, https:\/\/www.apanona.com\/wp-content\/uploads\/2023\/11\/Darrera-768x511.jpg 768w, https:\/\/www.apanona.com\/wp-content\/uploads\/2023\/11\/Darrera-1536x1022.jpg 1536w\" sizes=\"auto, (max-width: 1024px) 100vw, 1024px\" \/><\/figure><figcaption class=\"blocks-gallery-caption wp-element-caption\">Algunes fotos del primer Calendari Apanona 2014<\/figcaption><\/figure><div style=\"height:40px\" aria-hidden=\"true\" class=\"wp-block-spacer\"><\/div><p>L&#8217;any seg\u00fcent vaig voler seguir amb una idea similar de representar un nen i una nena que feien coses al llarg de l&#8217;any. Aquesta vegada per\u00f2 vaig decidir que els protagonistes viatjarien arreu del m\u00f3n i vaig titular el calendari<strong> \u00abAround the world\u00bb<\/strong>. El meu cos\u00ed recentment havia fet una travessia en bicicleta per l&#8217;\u00c0frica del nord i em va semblar una bona idea que els personatges del caledari tamb\u00e9 hi an\u00e9ssin \ud83d\ude42 Els nens anaven viatjant per separat per diferents llocs del m\u00f3n i al mig de l&#8217;any (juny) es creuaven a Londres i no es tornaven a trobar fins el mes de desembre! A m\u00e9s, vaig afegir uns codis QR per enlla\u00e7ar amb el meu blog on donava informaci\u00f3 espec\u00edfica sobre cadscun dels llocs per on passaven amb la bicicleta. M&#8217;ho vaig passar molt b\u00e9 i vaig aprendre moltes coses fent aquest calendari! <\/p><div style=\"height:40px\" aria-hidden=\"true\" class=\"wp-block-spacer\"><\/div><figure class=\"wp-block-gallery has-nested-images columns-default is-cropped wp-block-gallery-2 is-layout-flex wp-block-gallery-is-layout-flex\"><figure class=\"wp-block-image size-large\"><img loading=\"lazy\" decoding=\"async\" width=\"683\" height=\"1024\" data-id=\"6999\" src=\"https:\/\/www.apanona.com\/wp-content\/uploads\/2023\/11\/IMG_0008-683x1024.jpg\" alt=\"\" class=\"wp-image-6999\" title=\"\" srcset=\"https:\/\/www.apanona.com\/wp-content\/uploads\/2023\/11\/IMG_0008-683x1024.jpg 683w, https:\/\/www.apanona.com\/wp-content\/uploads\/2023\/11\/IMG_0008-200x300.jpg 200w, https:\/\/www.apanona.com\/wp-content\/uploads\/2023\/11\/IMG_0008.jpg 750w\" sizes=\"auto, (max-width: 683px) 100vw, 683px\" \/><\/figure>\n\n<figure class=\"wp-block-image size-large\"><img loading=\"lazy\" decoding=\"async\" width=\"683\" height=\"1024\" data-id=\"6997\" src=\"https:\/\/www.apanona.com\/wp-content\/uploads\/2023\/11\/IMG_0106-683x1024.jpg\" alt=\"\" class=\"wp-image-6997\" title=\"\" srcset=\"https:\/\/www.apanona.com\/wp-content\/uploads\/2023\/11\/IMG_0106-683x1024.jpg 683w, https:\/\/www.apanona.com\/wp-content\/uploads\/2023\/11\/IMG_0106-200x300.jpg 200w, https:\/\/www.apanona.com\/wp-content\/uploads\/2023\/11\/IMG_0106.jpg 750w\" sizes=\"auto, (max-width: 683px) 100vw, 683px\" \/><\/figure>\n\n<figure class=\"wp-block-image size-large\"><img loading=\"lazy\" decoding=\"async\" width=\"683\" height=\"1024\" data-id=\"7001\" src=\"https:\/\/www.apanona.com\/wp-content\/uploads\/2023\/11\/IMG_0163-683x1024.jpg\" alt=\"\" class=\"wp-image-7001\" title=\"\" srcset=\"https:\/\/www.apanona.com\/wp-content\/uploads\/2023\/11\/IMG_0163-683x1024.jpg 683w, https:\/\/www.apanona.com\/wp-content\/uploads\/2023\/11\/IMG_0163-200x300.jpg 200w, https:\/\/www.apanona.com\/wp-content\/uploads\/2023\/11\/IMG_0163.jpg 750w\" sizes=\"auto, (max-width: 683px) 100vw, 683px\" \/><\/figure>\n\n<figure class=\"wp-block-image size-large\"><img loading=\"lazy\" decoding=\"async\" width=\"683\" height=\"1024\" data-id=\"6998\" src=\"https:\/\/www.apanona.com\/wp-content\/uploads\/2023\/11\/IMG_0170-683x1024.jpg\" alt=\"\" class=\"wp-image-6998\" title=\"\" srcset=\"https:\/\/www.apanona.com\/wp-content\/uploads\/2023\/11\/IMG_0170-683x1024.jpg 683w, https:\/\/www.apanona.com\/wp-content\/uploads\/2023\/11\/IMG_0170-200x300.jpg 200w, https:\/\/www.apanona.com\/wp-content\/uploads\/2023\/11\/IMG_0170.jpg 750w\" sizes=\"auto, (max-width: 683px) 100vw, 683px\" \/><\/figure>\n\n<figure class=\"wp-block-image size-large\"><img loading=\"lazy\" decoding=\"async\" width=\"683\" height=\"1024\" data-id=\"6996\" src=\"https:\/\/www.apanona.com\/wp-content\/uploads\/2023\/11\/IMG_0024-683x1024.jpg\" alt=\"\" class=\"wp-image-6996\" title=\"\" srcset=\"https:\/\/www.apanona.com\/wp-content\/uploads\/2023\/11\/IMG_0024-683x1024.jpg 683w, https:\/\/www.apanona.com\/wp-content\/uploads\/2023\/11\/IMG_0024-200x300.jpg 200w, https:\/\/www.apanona.com\/wp-content\/uploads\/2023\/11\/IMG_0024.jpg 750w\" sizes=\"auto, (max-width: 683px) 100vw, 683px\" \/><\/figure>\n\n<figure class=\"wp-block-image size-large\"><img loading=\"lazy\" decoding=\"async\" width=\"683\" height=\"1024\" data-id=\"7000\" src=\"https:\/\/www.apanona.com\/wp-content\/uploads\/2023\/11\/IMG_0114-683x1024.jpg\" alt=\"\" class=\"wp-image-7000\" title=\"\" srcset=\"https:\/\/www.apanona.com\/wp-content\/uploads\/2023\/11\/IMG_0114-683x1024.jpg 683w, https:\/\/www.apanona.com\/wp-content\/uploads\/2023\/11\/IMG_0114-200x300.jpg 200w, https:\/\/www.apanona.com\/wp-content\/uploads\/2023\/11\/IMG_0114.jpg 750w\" sizes=\"auto, (max-width: 683px) 100vw, 683px\" \/><\/figure><figcaption class=\"blocks-gallery-caption wp-element-caption\">Imatges del Calendari 2015 \u00abAround the world\u00bb<\/figcaption><\/figure><div style=\"height:40px\" aria-hidden=\"true\" class=\"wp-block-spacer\"><\/div><p>El 2016 no hi va haver calendari perqu\u00e8 vaig comen\u00e7ar una feina a mitja jornada i em quedava molt poc temps per dibuixar i dissenyar, per\u00f2 l&#8217;any seg\u00fcent, ja m\u00e9s ben organitzada, vaig tornar a fer un nou calendari <strong>\u00abThe good neighbourhood\u00bb<\/strong>. Aquesta vegada vaig dibuixar un edifici molt especial amb uns ve\u00efns encara m\u00e9s especials. Cada mes an\u00e0vem descobrint cadascun dels habitants i les seves aficions. Em va agradar molt fer aquest calendari, inspirat en part per <strong>\u00abRue 13 del Percebe\u00bb<\/strong> de Francisco Ib\u00e1\u00f1ez. M&#8217;agrada molt la idea, de fet&#8230; potser podria potser convertir-la en un conte? Qui sap! <\/p><div style=\"height:40px\" aria-hidden=\"true\" class=\"wp-block-spacer\"><\/div><figure class=\"wp-block-gallery has-nested-images columns-default is-cropped wp-block-gallery-3 is-layout-flex wp-block-gallery-is-layout-flex\"><figure class=\"wp-block-image size-large\"><img loading=\"lazy\" decoding=\"async\" width=\"1024\" height=\"683\" data-id=\"7012\" src=\"https:\/\/www.apanona.com\/wp-content\/uploads\/2023\/11\/Portada-1-1024x683.jpg\" alt=\"\" class=\"wp-image-7012\" title=\"\" srcset=\"https:\/\/www.apanona.com\/wp-content\/uploads\/2023\/11\/Portada-1-1024x683.jpg 1024w, https:\/\/www.apanona.com\/wp-content\/uploads\/2023\/11\/Portada-1-300x200.jpg 300w, https:\/\/www.apanona.com\/wp-content\/uploads\/2023\/11\/Portada-1-768x512.jpg 768w, https:\/\/www.apanona.com\/wp-content\/uploads\/2023\/11\/Portada-1.jpg 1264w\" sizes=\"auto, (max-width: 1024px) 100vw, 1024px\" \/><\/figure>\n\n<figure class=\"wp-block-image size-large\"><img loading=\"lazy\" decoding=\"async\" width=\"1024\" height=\"683\" data-id=\"7013\" src=\"https:\/\/www.apanona.com\/wp-content\/uploads\/2023\/11\/wish-1024x683.jpg\" alt=\"\" class=\"wp-image-7013\" title=\"\" srcset=\"https:\/\/www.apanona.com\/wp-content\/uploads\/2023\/11\/wish-1024x683.jpg 1024w, https:\/\/www.apanona.com\/wp-content\/uploads\/2023\/11\/wish-300x200.jpg 300w, https:\/\/www.apanona.com\/wp-content\/uploads\/2023\/11\/wish-768x512.jpg 768w, https:\/\/www.apanona.com\/wp-content\/uploads\/2023\/11\/wish.jpg 1264w\" sizes=\"auto, (max-width: 1024px) 100vw, 1024px\" \/><\/figure>\n\n<figure class=\"wp-block-image size-large\"><img loading=\"lazy\" decoding=\"async\" width=\"1024\" height=\"683\" data-id=\"7011\" src=\"https:\/\/www.apanona.com\/wp-content\/uploads\/2023\/11\/JAN-1024x683.jpg\" alt=\"\" class=\"wp-image-7011\" title=\"\" srcset=\"https:\/\/www.apanona.com\/wp-content\/uploads\/2023\/11\/JAN-1024x683.jpg 1024w, https:\/\/www.apanona.com\/wp-content\/uploads\/2023\/11\/JAN-300x200.jpg 300w, https:\/\/www.apanona.com\/wp-content\/uploads\/2023\/11\/JAN-768x512.jpg 768w, https:\/\/www.apanona.com\/wp-content\/uploads\/2023\/11\/JAN.jpg 1264w\" sizes=\"auto, (max-width: 1024px) 100vw, 1024px\" \/><\/figure>\n\n<figure class=\"wp-block-image size-large\"><img loading=\"lazy\" decoding=\"async\" width=\"1024\" height=\"683\" data-id=\"7010\" src=\"https:\/\/www.apanona.com\/wp-content\/uploads\/2023\/11\/FEB-1024x683.jpg\" alt=\"\" class=\"wp-image-7010\" title=\"\" srcset=\"https:\/\/www.apanona.com\/wp-content\/uploads\/2023\/11\/FEB-1024x683.jpg 1024w, https:\/\/www.apanona.com\/wp-content\/uploads\/2023\/11\/FEB-300x200.jpg 300w, https:\/\/www.apanona.com\/wp-content\/uploads\/2023\/11\/FEB-768x512.jpg 768w, https:\/\/www.apanona.com\/wp-content\/uploads\/2023\/11\/FEB.jpg 1264w\" sizes=\"auto, (max-width: 1024px) 100vw, 1024px\" \/><\/figure>\n\n<figure class=\"wp-block-image size-large\"><img loading=\"lazy\" decoding=\"async\" width=\"1024\" height=\"683\" data-id=\"7009\" src=\"https:\/\/www.apanona.com\/wp-content\/uploads\/2023\/11\/Contraportada-1024x683.jpg\" alt=\"\" class=\"wp-image-7009\" title=\"\" srcset=\"https:\/\/www.apanona.com\/wp-content\/uploads\/2023\/11\/Contraportada-1024x683.jpg 1024w, https:\/\/www.apanona.com\/wp-content\/uploads\/2023\/11\/Contraportada-300x200.jpg 300w, https:\/\/www.apanona.com\/wp-content\/uploads\/2023\/11\/Contraportada-768x512.jpg 768w, https:\/\/www.apanona.com\/wp-content\/uploads\/2023\/11\/Contraportada.jpg 1264w\" sizes=\"auto, (max-width: 1024px) 100vw, 1024px\" \/><\/figure><figcaption class=\"blocks-gallery-caption wp-element-caption\">Imatges del calendari 2017 \u00abThe good neighbourhood\u00bb<\/figcaption><\/figure><div style=\"height:40px\" aria-hidden=\"true\" class=\"wp-block-spacer\"><\/div><p>Com veieu a les fotos, tots tres calendaris van seguir un format molt similar: mida gran (A3 obert) amb quadr\u00edcula ben generosa per poder fer anotacions i posar-hi enganxines.<\/p><p>Aquest tipus de calendari \u00e9s preci\u00f3s i super pr\u00e0ctic, per\u00f2 \u00e9s molt m\u00e9s labori\u00f3s de dissenyar i cost\u00f3s de produir. I aquest any no estava (encara) en el mood per emprendre un projecte aix\u00ed. I aqu\u00ed \u00e9s on em va venir al cap el tipus de calendari que us deia m\u00e9s amunt que va inspirar la Carmen Salda\u00f1a: un calendari m\u00e9s petit en A4 on la protagonista sigui clarament la il\u00b7lustraci\u00f3. <\/p><p>La idea \u00e9s la de poder descobrir una l\u00e0mina nova cada mes i que a m\u00e9s t\u00e9 com a utilitat dir-te en quin dia vius! \ud83d\ude00 S\u00e9 que hi ha zero espai per anotar-hi res, per\u00f2 jo faig servir post-it&#8217;s de mida m\u00e9s petita (com els de la foto) i van la mar de b\u00e9! Aqu\u00ed et deixo la idea per si et serveix! <\/p><div style=\"height:40px\" aria-hidden=\"true\" class=\"wp-block-spacer\"><\/div><figure class=\"wp-block-image size-full is-resized\"><img loading=\"lazy\" decoding=\"async\" width=\"1440\" height=\"2560\" src=\"https:\/\/www.apanona.com\/wp-content\/uploads\/2023\/11\/IMG_7137-scaled.jpg\" alt=\"\" class=\"wp-image-7014\" style=\"width:600px\" title=\"\" srcset=\"https:\/\/www.apanona.com\/wp-content\/uploads\/2023\/11\/IMG_7137-scaled.jpg 1440w, https:\/\/www.apanona.com\/wp-content\/uploads\/2023\/11\/IMG_7137-169x300.jpg 169w, https:\/\/www.apanona.com\/wp-content\/uploads\/2023\/11\/IMG_7137-576x1024.jpg 576w, https:\/\/www.apanona.com\/wp-content\/uploads\/2023\/11\/IMG_7137-768x1365.jpg 768w, https:\/\/www.apanona.com\/wp-content\/uploads\/2023\/11\/IMG_7137-864x1536.jpg 864w, https:\/\/www.apanona.com\/wp-content\/uploads\/2023\/11\/IMG_7137-1152x2048.jpg 1152w\" sizes=\"auto, (max-width: 1440px) 100vw, 1440px\" \/><\/figure>","protected":false},"excerpt":{"rendered":"<p>Si em coneixeu des de fa temps, potser recordareu que no \u00e9s la primera vegada que faig calendaris. Calendars are my thing \ud83d\ude00 a mi m&#8217;agraden mooolt, sobretot els de paret que podem penjar a la cuina i anar apuntant [&hellip;]<\/p>\n","protected":false},"author":1,"featured_media":0,"comment_status":"open","ping_status":"open","sticky":false,"template":"","format":"standard","meta":{"_jetpack_memberships_contains_paid_content":false,"footnotes":""},"categories":[271,26,30],"tags":[],"class_list":["post-6979","post","type-post","status-publish","format-standard","hentry","category-apanona","category-illustrations-2","category-metro"],"jetpack_featured_media_url":"","jetpack_sharing_enabled":true,"_links":{"self":[{"href":"https:\/\/www.apanona.com\/es\/wp-json\/wp\/v2\/posts\/6979","targetHints":{"allow":["GET"]}}],"collection":[{"href":"https:\/\/www.apanona.com\/es\/wp-json\/wp\/v2\/posts"}],"about":[{"href":"https:\/\/www.apanona.com\/es\/wp-json\/wp\/v2\/types\/post"}],"author":[{"embeddable":true,"href":"https:\/\/www.apanona.com\/es\/wp-json\/wp\/v2\/users\/1"}],"replies":[{"embeddable":true,"href":"https:\/\/www.apanona.com\/es\/wp-json\/wp\/v2\/comments?post=6979"}],"version-history":[{"count":19,"href":"https:\/\/www.apanona.com\/es\/wp-json\/wp\/v2\/posts\/6979\/revisions"}],"predecessor-version":[{"id":7023,"href":"https:\/\/www.apanona.com\/es\/wp-json\/wp\/v2\/posts\/6979\/revisions\/7023"}],"wp:attachment":[{"href":"https:\/\/www.apanona.com\/es\/wp-json\/wp\/v2\/media?parent=6979"}],"wp:term":[{"taxonomy":"category","embeddable":true,"href":"https:\/\/www.apanona.com\/es\/wp-json\/wp\/v2\/categories?post=6979"},{"taxonomy":"post_tag","embeddable":true,"href":"https:\/\/www.apanona.com\/es\/wp-json\/wp\/v2\/tags?post=6979"}],"curies":[{"name":"wp","href":"https:\/\/api.w.org\/{rel}","templated":true}]}}