{"id":6913,"date":"2023-11-16T18:20:40","date_gmt":"2023-11-16T17:20:40","guid":{"rendered":"https:\/\/www.apanona.com\/?p=6913"},"modified":"2024-02-14T13:19:29","modified_gmt":"2024-02-14T12:19:29","slug":"inspo1","status":"publish","type":"post","link":"https:\/\/www.apanona.com\/es\/inspo1\/","title":{"rendered":"Inspo #1"},"content":{"rendered":"<p>Una vegada fa molts anys, en l&#8217;era en qu\u00e8 regnaven els blogs i IG just comen\u00e7ava a treure el cap, jo tenia un blogspot ben actiu i bonic. Una de les coses que m\u00e9s m&#8217;agradava fer era compartir les coses que m&#8217;inspiraven, des de roba, passant per artesania, fotografia, m\u00fasica, disseny d&#8217;interiors o gr\u00e0fica i, naturalment, il\u00b7lustraci\u00f3 i art. <\/p><p>En aquells anys, el bombardeig d&#8217;imatges i la saturaci\u00f3 visual no era tant gran com \u00e9s avui i tot anava a un ritme una mica m\u00e9s pausat. Ara consumim milers d&#8217;imatges, videos i animacions cada dia i sembla que ja no ens puguem entretenir, badar i meravellar-nos m\u00e9s de dos segons amb les coses boniques que ens agraden i ens inspiren. <\/p><p>I no nom\u00e9s aix\u00f2, fins i tot acabem oblidant en guardats, favorits, captures, carpetes i \u00e0lbums digitals aquelles imatges, aquelles paraules, receptes, paisatges, etc. que ens han semblat interessants. <\/p><p>Aix\u00ed que per a que no quedin perdudes en la immensitat digital, he decidit rescatar l&#8217;esperit de blogger i compartir amb vosaltres mensualment algunes imatges que m&#8217;han inspirat. Espero que les disfruteu lentament, si pot ser amb una beguda calenta i una manteta \ud83e\udd0d I recordeu: com m\u00e9s vells ens fem, m\u00e9s hem de contemplar.<\/p><div style=\"height:100px\" aria-hidden=\"true\" class=\"wp-block-spacer\"><\/div><div class=\"wp-block-media-text is-stacked-on-mobile\" style=\"grid-template-columns:55% auto\"><figure class=\"wp-block-media-text__media\"><img loading=\"lazy\" decoding=\"async\" width=\"789\" height=\"1024\" src=\"https:\/\/www.apanona.com\/wp-content\/uploads\/2023\/11\/IMG_6936-789x1024.jpeg\" alt=\"\" class=\"wp-image-6965 size-full\" title=\"\" srcset=\"https:\/\/www.apanona.com\/wp-content\/uploads\/2023\/11\/IMG_6936-789x1024.jpeg 789w, https:\/\/www.apanona.com\/wp-content\/uploads\/2023\/11\/IMG_6936-231x300.jpeg 231w, https:\/\/www.apanona.com\/wp-content\/uploads\/2023\/11\/IMG_6936-768x997.jpeg 768w, https:\/\/www.apanona.com\/wp-content\/uploads\/2023\/11\/IMG_6936.jpeg 1005w\" sizes=\"auto, (max-width: 789px) 100vw, 789px\" \/><\/figure><div class=\"wp-block-media-text__content\"><p>La Casa solar de Gabriel Esc\u00e1mez via Milk Magazine.<\/p><\/div><\/div><div class=\"wp-block-media-text has-media-on-the-right is-stacked-on-mobile\" style=\"grid-template-columns:auto 55%\"><div class=\"wp-block-media-text__content\"><p>El look i l\u2019expressi\u00f3 d\u2019aquesta parella (ella \u00e9s @mmasymmmerkel a Tiktok) via Pinterest.<\/p><\/div><figure class=\"wp-block-media-text__media\"><img loading=\"lazy\" decoding=\"async\" width=\"721\" height=\"1024\" src=\"https:\/\/www.apanona.com\/wp-content\/uploads\/2023\/11\/IMG_6934-721x1024.jpeg\" alt=\"\" class=\"wp-image-6964 size-full\" title=\"\" srcset=\"https:\/\/www.apanona.com\/wp-content\/uploads\/2023\/11\/IMG_6934-721x1024.jpeg 721w, https:\/\/www.apanona.com\/wp-content\/uploads\/2023\/11\/IMG_6934-211x300.jpeg 211w, https:\/\/www.apanona.com\/wp-content\/uploads\/2023\/11\/IMG_6934-768x1091.jpeg 768w, https:\/\/www.apanona.com\/wp-content\/uploads\/2023\/11\/IMG_6934.jpeg 828w\" sizes=\"auto, (max-width: 721px) 100vw, 721px\" \/><\/figure><\/div><div class=\"wp-block-media-text is-stacked-on-mobile\" style=\"grid-template-columns:55% auto\"><figure class=\"wp-block-media-text__media\"><img loading=\"lazy\" decoding=\"async\" width=\"603\" height=\"1024\" src=\"https:\/\/www.apanona.com\/wp-content\/uploads\/2023\/11\/IMG_6304-1-603x1024.png\" alt=\"\" class=\"wp-image-6934 size-full\" title=\"\" srcset=\"https:\/\/www.apanona.com\/wp-content\/uploads\/2023\/11\/IMG_6304-1-603x1024.png 603w, https:\/\/www.apanona.com\/wp-content\/uploads\/2023\/11\/IMG_6304-1-177x300.png 177w, https:\/\/www.apanona.com\/wp-content\/uploads\/2023\/11\/IMG_6304-1-768x1304.png 768w, https:\/\/www.apanona.com\/wp-content\/uploads\/2023\/11\/IMG_6304-1-905x1536.png 905w, https:\/\/www.apanona.com\/wp-content\/uploads\/2023\/11\/IMG_6304-1-1206x2048.png 1206w, https:\/\/www.apanona.com\/wp-content\/uploads\/2023\/11\/IMG_6304-1.png 1284w\" sizes=\"auto, (max-width: 603px) 100vw, 603px\" \/><\/figure><div class=\"wp-block-media-text__content\"><p>El poema de Gloria Fuertes via Lelelere.<\/p><\/div><\/div><div class=\"wp-block-media-text has-media-on-the-right is-stacked-on-mobile\" style=\"grid-template-columns:auto 45%\"><div class=\"wp-block-media-text__content\"><p>Les flors que n\u00e9ixen excepcionalment al desert d&#8217;Atacama, Chile quan cauen quatre gotes. Via Massimo (X)<\/p><\/div><figure class=\"wp-block-media-text__media\"><img loading=\"lazy\" decoding=\"async\" width=\"884\" height=\"1024\" src=\"https:\/\/www.apanona.com\/wp-content\/uploads\/2023\/11\/IMG_6917-e1700136976446-884x1024.png\" alt=\"\" class=\"wp-image-6918 size-full\" title=\"\" srcset=\"https:\/\/www.apanona.com\/wp-content\/uploads\/2023\/11\/IMG_6917-e1700136976446-884x1024.png 884w, https:\/\/www.apanona.com\/wp-content\/uploads\/2023\/11\/IMG_6917-e1700136976446-259x300.png 259w, https:\/\/www.apanona.com\/wp-content\/uploads\/2023\/11\/IMG_6917-e1700136976446-768x890.png 768w, https:\/\/www.apanona.com\/wp-content\/uploads\/2023\/11\/IMG_6917-e1700136976446.png 1144w\" sizes=\"auto, (max-width: 884px) 100vw, 884px\" \/><\/figure><\/div><div class=\"wp-block-media-text is-stacked-on-mobile\" style=\"grid-template-columns:55% auto\"><figure class=\"wp-block-media-text__media\"><img loading=\"lazy\" decoding=\"async\" width=\"991\" height=\"1024\" src=\"https:\/\/www.apanona.com\/wp-content\/uploads\/2023\/11\/IMG_6805-e1700136941406-991x1024.png\" alt=\"\" class=\"wp-image-6917 size-full\" title=\"\" srcset=\"https:\/\/www.apanona.com\/wp-content\/uploads\/2023\/11\/IMG_6805-e1700136941406-991x1024.png 991w, https:\/\/www.apanona.com\/wp-content\/uploads\/2023\/11\/IMG_6805-e1700136941406-290x300.png 290w, https:\/\/www.apanona.com\/wp-content\/uploads\/2023\/11\/IMG_6805-e1700136941406-768x793.png 768w, https:\/\/www.apanona.com\/wp-content\/uploads\/2023\/11\/IMG_6805-e1700136941406.png 1147w\" sizes=\"auto, (max-width: 991px) 100vw, 991px\" \/><\/figure><div class=\"wp-block-media-text__content\"><p>Brodat de tot un any de Emma Dyer via Womensart (X)<\/p><\/div><\/div><div class=\"wp-block-media-text has-media-on-the-right is-stacked-on-mobile\" style=\"grid-template-columns:auto 45%\"><div class=\"wp-block-media-text__content\"><p>Il\u00b7lustraci\u00f3 de Felicita Sala del llibre \u201cBe a tree!\u201d<\/p><\/div><figure class=\"wp-block-media-text__media\"><img loading=\"lazy\" decoding=\"async\" width=\"1024\" height=\"1024\" src=\"https:\/\/www.apanona.com\/wp-content\/uploads\/2023\/11\/IMG_6931-1024x1024.jpeg\" alt=\"\" class=\"wp-image-6963 size-full\" title=\"\" srcset=\"https:\/\/www.apanona.com\/wp-content\/uploads\/2023\/11\/IMG_6931-1024x1024.jpeg 1024w, https:\/\/www.apanona.com\/wp-content\/uploads\/2023\/11\/IMG_6931-300x300.jpeg 300w, https:\/\/www.apanona.com\/wp-content\/uploads\/2023\/11\/IMG_6931-150x150.jpeg 150w, https:\/\/www.apanona.com\/wp-content\/uploads\/2023\/11\/IMG_6931-768x768.jpeg 768w, https:\/\/www.apanona.com\/wp-content\/uploads\/2023\/11\/IMG_6931-650x650.jpeg 650w, https:\/\/www.apanona.com\/wp-content\/uploads\/2023\/11\/IMG_6931.jpeg 1080w\" sizes=\"auto, (max-width: 1024px) 100vw, 1024px\" \/><\/figure><\/div><div class=\"wp-block-media-text is-stacked-on-mobile\" style=\"grid-template-columns:55% auto\"><figure class=\"wp-block-media-text__media\"><img loading=\"lazy\" decoding=\"async\" width=\"1024\" height=\"768\" src=\"https:\/\/www.apanona.com\/wp-content\/uploads\/2023\/11\/IMG_6314-1024x768.jpg\" alt=\"\" class=\"wp-image-6914 size-full\" title=\"\" srcset=\"https:\/\/www.apanona.com\/wp-content\/uploads\/2023\/11\/IMG_6314-1024x768.jpg 1024w, https:\/\/www.apanona.com\/wp-content\/uploads\/2023\/11\/IMG_6314-300x225.jpg 300w, https:\/\/www.apanona.com\/wp-content\/uploads\/2023\/11\/IMG_6314-768x576.jpg 768w, https:\/\/www.apanona.com\/wp-content\/uploads\/2023\/11\/IMG_6314-1536x1152.jpg 1536w\" sizes=\"auto, (max-width: 1024px) 100vw, 1024px\" \/><\/figure><div class=\"wp-block-media-text__content\"><p>Captura de l&#8217;episodi 2, temporada 4 \u00abMidnight sun\u00bb de \u00abNorthern exposure\u00bb o \u00abDoctor en Alaska\u00bb via Filmin.<\/p><\/div><\/div>","protected":false},"excerpt":{"rendered":"<p>Una vegada fa molts anys, en l&#8217;era en qu\u00e8 regnaven els blogs i IG just comen\u00e7ava a treure el cap, jo tenia un blogspot ben actiu i bonic. Una de les coses que m\u00e9s m&#8217;agradava fer era compartir les coses [&hellip;]<\/p>\n","protected":false},"author":1,"featured_media":0,"comment_status":"open","ping_status":"open","sticky":false,"template":"","format":"standard","meta":{"_jetpack_memberships_contains_paid_content":false,"footnotes":""},"categories":[271,275,30],"tags":[],"class_list":["post-6913","post","type-post","status-publish","format-standard","hentry","category-apanona","category-inspo","category-metro"],"jetpack_featured_media_url":"","jetpack_sharing_enabled":true,"_links":{"self":[{"href":"https:\/\/www.apanona.com\/es\/wp-json\/wp\/v2\/posts\/6913","targetHints":{"allow":["GET"]}}],"collection":[{"href":"https:\/\/www.apanona.com\/es\/wp-json\/wp\/v2\/posts"}],"about":[{"href":"https:\/\/www.apanona.com\/es\/wp-json\/wp\/v2\/types\/post"}],"author":[{"embeddable":true,"href":"https:\/\/www.apanona.com\/es\/wp-json\/wp\/v2\/users\/1"}],"replies":[{"embeddable":true,"href":"https:\/\/www.apanona.com\/es\/wp-json\/wp\/v2\/comments?post=6913"}],"version-history":[{"count":38,"href":"https:\/\/www.apanona.com\/es\/wp-json\/wp\/v2\/posts\/6913\/revisions"}],"predecessor-version":[{"id":7030,"href":"https:\/\/www.apanona.com\/es\/wp-json\/wp\/v2\/posts\/6913\/revisions\/7030"}],"wp:attachment":[{"href":"https:\/\/www.apanona.com\/es\/wp-json\/wp\/v2\/media?parent=6913"}],"wp:term":[{"taxonomy":"category","embeddable":true,"href":"https:\/\/www.apanona.com\/es\/wp-json\/wp\/v2\/categories?post=6913"},{"taxonomy":"post_tag","embeddable":true,"href":"https:\/\/www.apanona.com\/es\/wp-json\/wp\/v2\/tags?post=6913"}],"curies":[{"name":"wp","href":"https:\/\/api.w.org\/{rel}","templated":true}]}}