{"id":6675,"date":"2023-10-25T09:00:00","date_gmt":"2023-10-25T07:00:00","guid":{"rendered":"https:\/\/www.apanona.com\/?p=6675"},"modified":"2024-02-14T13:21:36","modified_gmt":"2024-02-14T12:21:36","slug":"nova-era-nova-web","status":"publish","type":"post","link":"https:\/\/www.apanona.com\/es\/nova-era-nova-web\/","title":{"rendered":"Nova era, nova web."},"content":{"rendered":"<p>Hola! Per fi estreno nova web d&#8217;Apanona!<\/p><p>I \u00e9s que una de les coses que tenia m\u00e9s clares en aquesta nova etapa que he comen\u00e7at \u00e9s que era super necessari tenir un nou lloc web que em present\u00e9s una mica millor al m\u00f3n. Aix\u00ed que despr\u00e9s d&#8217;uns quants mesos treballant fort, per fi puc publicar el primer post en la nova web! <\/p><p><\/p><p>Tinc unes quantes coses a explicar-vos sobre la nova web, aix\u00ed que les he anat agrupant en petites dosis per fer-ho m\u00e9s digerible. Som-hi?<\/p><div style=\"height:25px\" aria-hidden=\"true\" class=\"wp-block-spacer\"><\/div><p class=\"has-text-align-left\"><strong><em>Un retir temporal i espiritual de les xarxes per agafar impuls<\/em><\/strong><\/p><p>Les darreres setmanes he tancat les xarxes per dos motius. En primer lloc per poder marcar una abans i un despr\u00e9s en aquesta nova etapa d&#8217;Apanona. Fins ara havia fet servir les xarxes d&#8217;una manera m\u00e9s personal ja que el meu projecte s&#8217;havia anat convertint en els darrers anys en una activitat professional secundaria (que no vol dir que no la sent\u00eds super important, al contrari). Ara Apanona torna a ocupar un lloc principal, aix\u00ed que era necessari revisar com em comunico i com gestiono les xarxes. Un nou to i un nou ritme per a una nova era que espero anar agafant poc a poc. <\/p><div style=\"height:25px\" aria-hidden=\"true\" class=\"wp-block-spacer\"><\/div><div class=\"wp-block-image\"><figure class=\"aligncenter size-full\"><img loading=\"lazy\" decoding=\"async\" width=\"800\" height=\"533\" src=\"https:\/\/www.apanona.com\/wp-content\/uploads\/2023\/10\/Nova_etapa_LR.jpg\" alt=\"\" class=\"wp-image-6676\" title=\"\" srcset=\"https:\/\/www.apanona.com\/wp-content\/uploads\/2023\/10\/Nova_etapa_LR.jpg 800w, https:\/\/www.apanona.com\/wp-content\/uploads\/2023\/10\/Nova_etapa_LR-300x200.jpg 300w, https:\/\/www.apanona.com\/wp-content\/uploads\/2023\/10\/Nova_etapa_LR-768x512.jpg 768w\" sizes=\"auto, (max-width: 800px) 100vw, 800px\" \/><\/figure><\/div><div style=\"height:25px\" aria-hidden=\"true\" class=\"wp-block-spacer\"><\/div><p>En segon lloc perqu\u00e8 he estat treballant intensament en el dissseny i desenvolupament d&#8217;aquest lloc web i he de de dir que n&#8217;estic molt contenta del resultat \ud83d\ude00 Com veureu continuo movent-me un estil similar a l&#8217;anterior p\u00e0gina: un clar domini del color blanc i un estil minimalista amb la finalitat b\u00e0sica de fer destacar els dibuixos i dissenys el m\u00e0xim possible. Pero a difer\u00e8ncia de l&#8217;anterior p\u00e0gina, aquesta cont\u00e9 elements que li donen m\u00e9s dinamisme visual, com per exemple les petites animacions amb les meves il\u00b7lustracions que hi ha a l&#8217;inici o alguns carrousels a les p\u00e0gines.  <\/p><hr class=\"wp-block-separator has-alpha-channel-opacity is-style-default\"\/><p class=\"has-text-align-left\"><strong><em>WordPress ja no \u00e9s el que era<\/em><\/strong><\/p><p>Ostres, ara feia molt de temps que no construia una p\u00e0gina web sencera (concretament des de 2015!) i he flipat fort quan he vist com ha avan\u00e7at tot en pocs anys. Malgrat que crec que me n&#8217;he sortit prou b\u00e9, hi ha algunes coses que encara he de resoldre (demano disculpes anticipadament) i que potser no s\u00f3n del tot responsive o falta algun enlla\u00e7 o no trobeu la informaci\u00f3 que busqueu&#8230; poc a poc anir\u00e9 afinant tots els instruments per a que l&#8217;orquestra soni estupendament i la web quedi ben rodona. <\/p><hr class=\"wp-block-separator has-alpha-channel-opacity\"\/><p><strong><em>La shop, haur\u00e0 d&#8217;esperar una miqueta<\/em><\/strong><\/p><p>Una de les coses que no m&#8217;he vist en cor d&#8217;incorporar a la web ha estat la shop. Demanar\u00e9 ajuda externa per poder-la posar aqu\u00ed i tenir-ho tot centralitzat. Mentres no tingui la shop a punt podreu fer les vostres compres c\u00f2modament <a href=\"https:\/\/www.etsy.com\/shop\/Apanona\" data-type=\"link\" data-id=\"https:\/\/www.etsy.com\/shop\/Apanona\" target=\"_blank\" rel=\"noopener\"><strong>a la tenda que tinc a la plataforma Etsy<\/strong><\/a>. Ara nom\u00e9s hi trobareu un producte (us el presentar\u00e9 formalment en breu!) pero poc a poc hi anir\u00e9 sumant papereria i l\u00e0mines per a que pugueu omplir el vostre dia a dia d&#8217;alegria i tendresa. <\/p><hr class=\"wp-block-separator has-alpha-channel-opacity\"\/><p><strong><em>Construint el portfoli<\/em><\/strong><\/p><p>Un altre apartat que encara est\u00e0 \u00abin progress\u00bb \u00e9s el de WORK. Tot i que ja hi podeu veure alguns treballs, construir un bon porfoli \u00e9s una tasca laboriosa. Com que de moment s\u00f3c la \u00fanica treballadora d&#8217;Apanona i no puc tocar tantes tecles a la vegada, espero poder anar fent cr\u00e9ixer aquest apartat en les properes setmanes. <\/p><hr class=\"wp-block-separator has-alpha-channel-opacity\"\/><p class=\"has-text-align-left\"><strong><em>&#8230; and last, but not least<\/em><\/strong><\/p><p>Una de les coses que segurament ja haureu detectat aqu\u00ed i a les xarxes \u00e9s el nou logo d&#8217;Apanona. Feia molt temps que no en tenia un de nou. Com que \u00e9s una mica llarg d&#8217;explicar, us en parlar\u00e9 amb m\u00e9s calma un altre dia en un altre post. <\/p><div class=\"wp-block-image\"><figure class=\"aligncenter size-full\"><img loading=\"lazy\" decoding=\"async\" width=\"250\" height=\"70\" src=\"https:\/\/www.apanona.com\/wp-content\/uploads\/2023\/10\/Apanona_Logo_250_yellow.png\" alt=\"\" class=\"wp-image-6657\" title=\"\"><\/figure><\/div><p>I de moment, res m\u00e9s per avui (que no \u00e9s poc!). Tornar\u00e9 d&#8217;aqu\u00ed uns dies amb un nou post. Mentrestant uns deixo amb el v\u00eddeo de la can\u00e7\u00f3 del grup Wet Leg que acompanya el reel de welcome back. Fins aviat!<\/p><div style=\"height:25px\" aria-hidden=\"true\" class=\"wp-block-spacer\"><\/div><figure class=\"wp-block-embed is-type-video is-provider-youtube wp-block-embed-youtube wp-embed-aspect-16-9 wp-has-aspect-ratio\"><div class=\"wp-block-embed__wrapper\">\n<iframe loading=\"lazy\" title=\"Wet Leg - Wet Dream (Official Video)\" width=\"1100\" height=\"619\" src=\"https:\/\/www.youtube.com\/embed\/tjpgJjdk52c?feature=oembed\" frameborder=\"0\" allow=\"accelerometer; autoplay; clipboard-write; encrypted-media; gyroscope; picture-in-picture; web-share\" allowfullscreen><\/iframe>\n<\/div><\/figure>","protected":false},"excerpt":{"rendered":"<p>Hola! Per fi estreno nova web d&#8217;Apanona! I \u00e9s que una de les coses que tenia m\u00e9s clares en aquesta nova etapa que he comen\u00e7at \u00e9s que era super necessari tenir un nou lloc web que em present\u00e9s una mica [&hellip;]<\/p>\n","protected":false},"author":1,"featured_media":0,"comment_status":"open","ping_status":"open","sticky":false,"template":"","format":"standard","meta":{"_jetpack_memberships_contains_paid_content":false,"footnotes":""},"categories":[271,30],"tags":[],"class_list":["post-6675","post","type-post","status-publish","format-standard","hentry","category-apanona","category-metro"],"jetpack_featured_media_url":"","jetpack_sharing_enabled":true,"_links":{"self":[{"href":"https:\/\/www.apanona.com\/es\/wp-json\/wp\/v2\/posts\/6675","targetHints":{"allow":["GET"]}}],"collection":[{"href":"https:\/\/www.apanona.com\/es\/wp-json\/wp\/v2\/posts"}],"about":[{"href":"https:\/\/www.apanona.com\/es\/wp-json\/wp\/v2\/types\/post"}],"author":[{"embeddable":true,"href":"https:\/\/www.apanona.com\/es\/wp-json\/wp\/v2\/users\/1"}],"replies":[{"embeddable":true,"href":"https:\/\/www.apanona.com\/es\/wp-json\/wp\/v2\/comments?post=6675"}],"version-history":[{"count":49,"href":"https:\/\/www.apanona.com\/es\/wp-json\/wp\/v2\/posts\/6675\/revisions"}],"predecessor-version":[{"id":7104,"href":"https:\/\/www.apanona.com\/es\/wp-json\/wp\/v2\/posts\/6675\/revisions\/7104"}],"wp:attachment":[{"href":"https:\/\/www.apanona.com\/es\/wp-json\/wp\/v2\/media?parent=6675"}],"wp:term":[{"taxonomy":"category","embeddable":true,"href":"https:\/\/www.apanona.com\/es\/wp-json\/wp\/v2\/categories?post=6675"},{"taxonomy":"post_tag","embeddable":true,"href":"https:\/\/www.apanona.com\/es\/wp-json\/wp\/v2\/tags?post=6675"}],"curies":[{"name":"wp","href":"https:\/\/api.w.org\/{rel}","templated":true}]}}